{"id":588,"date":"2013-09-26T19:03:16","date_gmt":"2013-09-26T18:03:16","guid":{"rendered":"http:\/\/blog.akb-ev.de\/?p=588"},"modified":"2015-11-05T17:38:53","modified_gmt":"2015-11-05T16:38:53","slug":"dokumentarfilm","status":"publish","type":"post","link":"https:\/\/akb-ev.de\/blog\/dokumentarfilm\/","title":{"rendered":"Dokumentarfilm"},"content":{"rendered":"<p>Vorf\u00fchrung des Dokumentarfilms &#8222;Meine Freiheit, Deine Freiheit\u201c &#8230; <\/p>\n<p><!--more--><br \/>\nmit anschlie\u00dfender Diskussion mit der Autorin am 19. Oktober 2013 <b>um 14 Uhr Gustav-Meyer-Str. 7 <\/p>\n<p>Der Dokumentarfilm \u201eMeine Freiheit, Deine Freiheit\u201c zeigt auf unvoreingenommene und zugleich bedr\u00fcckende Weise die Ambivalenz zwischen Hoffnung und Ausweglosigkeit im Leben der beiden drogens\u00fcchtigen und dadurch immer wieder kriminell werdenden jungen Frauen Salema und K\u00fcbra.<br \/>\nK\u00fcbra, die einzige weibliche Intensivstraft\u00e4terin Berlins befindet sich am Ende einer \u00fcber vierj\u00e4hrigen Haftstrafe auf der Suche nach einem neuen Platz im Leben. Salema, als Vollwaise aus dem \u00e4thiopischen B\u00fcrgerkrieg hervorgegangen, ist in Deutschland nie richtig angekommen und war seit ihrem 17. Lebensjahr immer wieder im Gef\u00e4ngnis. Jetzt soll sie sich einen Platz im betreuten Wohnen suchen.<br \/>\nDie Regisseurin Diana N\u00e4cke hat beide Frauen \u00fcber drei Jahre lang in Gefangenschaft begleitet und zeichnet in ihrem Dokumentarfilm ein erschreckend realistisches Bild der komplexen Lebenssituationen im Leben zweier Schwerstabh\u00e4ngiger, deren Abh\u00e4ngigkeit auf erschreckend deutliche Weise als das Resultat katastrophaler Lebensumst\u00e4nde hervorgegangen ist. Zwei Menschen denen vor allem, aber nicht nur, ihre Abh\u00e4ngigkeit beim dem Versuch ihr Leben zu \u00e4ndern, immer wieder im Weg steht. Phasen des Selbstbetrugs stehen in rasantem Wechsel mit Momenten tiefgehender Reflexion, werden immer wieder gen\u00e4hrt von ehrlichen Absichten, die vor dem Hintergrund biographisch bedingter Pr\u00e4gung und damit einhergehend festgefahrenen Lebensumst\u00e4nden, von vorn herein zum scheitern verurteilt zu sein scheinen.<br \/>\nDie Regisseurin Diana N\u00e4cke hat sich im Rahmen der Dreharbeiten intensiv mit den Biographien der beiden jungen Frauen besch\u00e4ftigt und daran Anteil genommen. Sie wurde Zeuge von Entwicklungen, R\u00fcckschl\u00e4gen, Hoffnungen und Entt\u00e4uschungen und musste immer wieder feststellen, dass sich das Schicksal der beiden jungen Frauen selbst \u00fcber die Dreharbeiten hinaus mit ihrem eigenen verweben sollte.<\/p>\n<p><strong>F\u00fcr Interessierte bietet der AKB am 19. Oktober 2013 um 14 Uhr \u2013- wir bitten um vorherige Anmeldung, Liste in der Gustav-Meyer-Str. oder auch telefonisch &#8212; eine Vorf\u00fchrung mit anschlie\u00dfender Filmbesprechung an, in dessen Verlauf Frau N\u00e4cke von ihren Erfahrungen w\u00e4hrend und nach den Dreharbeiten berichten wird. <\/strong><\/p>\n<p>Diese Veraunstaltung ist kostenfrei und selbstverst\u00e4ndlich freut sich der AKB auf die Gelegenheit, sich und sein Konzept einer der Selbsthilfe gegen\u00fcber sehr aufgeschlossenen Dokumentarfilmerin vorzustellen.<\/b><\/p>\n","protected":false},"excerpt":{"rendered":"<p>Vorf\u00fchrung des Dokumentarfilms &#8222;Meine Freiheit, Deine Freiheit\u201c &#8230;<\/p>\n","protected":false},"author":1,"featured_media":0,"comment_status":"closed","ping_status":"closed","sticky":false,"template":"","format":"standard","meta":{"footnotes":""},"categories":[1],"tags":[],"class_list":["post-588","post","type-post","status-publish","format-standard","hentry","category-uncategorized"],"_links":{"self":[{"href":"https:\/\/akb-ev.de\/blog\/wp-json\/wp\/v2\/posts\/588","targetHints":{"allow":["GET"]}}],"collection":[{"href":"https:\/\/akb-ev.de\/blog\/wp-json\/wp\/v2\/posts"}],"about":[{"href":"https:\/\/akb-ev.de\/blog\/wp-json\/wp\/v2\/types\/post"}],"author":[{"embeddable":true,"href":"https:\/\/akb-ev.de\/blog\/wp-json\/wp\/v2\/users\/1"}],"replies":[{"embeddable":true,"href":"https:\/\/akb-ev.de\/blog\/wp-json\/wp\/v2\/comments?post=588"}],"version-history":[{"count":13,"href":"https:\/\/akb-ev.de\/blog\/wp-json\/wp\/v2\/posts\/588\/revisions"}],"predecessor-version":[{"id":885,"href":"https:\/\/akb-ev.de\/blog\/wp-json\/wp\/v2\/posts\/588\/revisions\/885"}],"wp:attachment":[{"href":"https:\/\/akb-ev.de\/blog\/wp-json\/wp\/v2\/media?parent=588"}],"wp:term":[{"taxonomy":"category","embeddable":true,"href":"https:\/\/akb-ev.de\/blog\/wp-json\/wp\/v2\/categories?post=588"},{"taxonomy":"post_tag","embeddable":true,"href":"https:\/\/akb-ev.de\/blog\/wp-json\/wp\/v2\/tags?post=588"}],"curies":[{"name":"wp","href":"https:\/\/api.w.org\/{rel}","templated":true}]}}