{"id":526,"date":"2012-08-16T14:26:27","date_gmt":"2012-08-16T13:26:27","guid":{"rendered":"http:\/\/blog.akb-ev.de\/?p=526"},"modified":"2015-11-05T11:02:59","modified_gmt":"2015-11-05T10:02:59","slug":"akb_stand-auf-der-berliner-seniorenwoche","status":"publish","type":"post","link":"https:\/\/akb-ev.de\/blog\/akb_stand-auf-der-berliner-seniorenwoche\/","title":{"rendered":"Stand Breitscheidplatz"},"content":{"rendered":"<p>auf der Er\u00f6ffnung der 38. Berliner Seniorenwoche 25. Aug. 2012<!--more--><\/p>\n<p><strong>38. Berliner Seniorenwoche Er\u00f6ffnung Breitscheidplatz 25. August 2012<\/strong><br \/>\n  Arbeitskreis Berliner Senioren<\/p>\n<p>\u2022 die angek\u00fcndigte Stellplanzeichnung und Ihre Stand-Nummer ist 185<br \/>\n<a href=\"http:\/\/blog.akb-ev.de\/2012\/08\/16\/stand-auf-der-berliner-seniorenwoche\/lageplan\/\" target=\"_blank\" rel=\"attachment wp-att-527\"><img loading=\"lazy\" decoding=\"async\" class=\"aligncenter size-thumbnail wp-image-527\" title=\"Lageplan\" src=\"http:\/\/blog.akb-ev.de\/wp-content\/uploads\/2012\/08\/Lageplan-150x150.jpg\" alt=\"\" width=\"200\" height=\"150\" \/><\/a><\/p>\n<p>Tagesverlauf und Platzregeln:<br \/>\n04:00 Beginn der Marktst\u00e4nde-Anlieferung.<br \/>\n07:00 Beginn der St\u00e4ndenummerierung<br \/>\n07:00 Anlieferung der B\u00fchne und des Umkleidezeltes und der Tontechnik<br \/>\n07:30 Alle Marktst\u00e4nde stehen<br \/>\n07:30 St\u00fchlelieferung (je 3 pro Stand, 25 auf, 180 vor B\u00fchne)<br \/>\n07:30 Beginn der Einrichtung des ABS Stand Nr. 1<br \/>\n08:15 Beginn der Standeinrichtung durch die Standanmelder<br \/>\n09:00 Aufstellung des Rettungswagens<br \/>\n09:35 Alle Fahrzeuge m\u00fcssen vom Platz herunter sein.<br \/>\n<strong>09:45 Beginn des B\u00fchnenprogramms mit Musik<br \/>\n10:00 Offizielle Er\u00f6ffnung, bitte vor der B\u00fchne einfinden<br \/>\n17:00 Alle St\u00e4nde m\u00fcssen abger\u00e4umt sein<\/strong><br \/>\n17:05 Beginn des St\u00e4nde Abbaus und der Platzreinigung<\/p>\n<p>ABS Organisationsb\u00fcro Seniorenwoche &#8211; Bismarckstr. 101 &#8211; 10625 Berlin<br \/>\nTel: 86208970 &#8211; Fax: 86208971 &#8211; Mail: info\u00a9senioren-berlin.de<\/p>\n","protected":false},"excerpt":{"rendered":"<p>auf der Er\u00f6ffnung der 38. Berliner Seniorenwoche 25. Aug. 2012<\/p>\n","protected":false},"author":1,"featured_media":0,"comment_status":"closed","ping_status":"closed","sticky":false,"template":"","format":"standard","meta":{"footnotes":""},"categories":[1],"tags":[],"class_list":["post-526","post","type-post","status-publish","format-standard","hentry","category-uncategorized"],"_links":{"self":[{"href":"https:\/\/akb-ev.de\/blog\/wp-json\/wp\/v2\/posts\/526","targetHints":{"allow":["GET"]}}],"collection":[{"href":"https:\/\/akb-ev.de\/blog\/wp-json\/wp\/v2\/posts"}],"about":[{"href":"https:\/\/akb-ev.de\/blog\/wp-json\/wp\/v2\/types\/post"}],"author":[{"embeddable":true,"href":"https:\/\/akb-ev.de\/blog\/wp-json\/wp\/v2\/users\/1"}],"replies":[{"embeddable":true,"href":"https:\/\/akb-ev.de\/blog\/wp-json\/wp\/v2\/comments?post=526"}],"version-history":[{"count":29,"href":"https:\/\/akb-ev.de\/blog\/wp-json\/wp\/v2\/posts\/526\/revisions"}],"predecessor-version":[{"id":863,"href":"https:\/\/akb-ev.de\/blog\/wp-json\/wp\/v2\/posts\/526\/revisions\/863"}],"wp:attachment":[{"href":"https:\/\/akb-ev.de\/blog\/wp-json\/wp\/v2\/media?parent=526"}],"wp:term":[{"taxonomy":"category","embeddable":true,"href":"https:\/\/akb-ev.de\/blog\/wp-json\/wp\/v2\/categories?post=526"},{"taxonomy":"post_tag","embeddable":true,"href":"https:\/\/akb-ev.de\/blog\/wp-json\/wp\/v2\/tags?post=526"}],"curies":[{"name":"wp","href":"https:\/\/api.w.org\/{rel}","templated":true}]}}