{"id":322,"date":"2011-10-09T02:50:37","date_gmt":"2011-10-09T01:50:37","guid":{"rendered":"http:\/\/blog.akb-ev.de\/?p=322"},"modified":"2015-11-05T10:55:41","modified_gmt":"2015-11-05T09:55:41","slug":"berliner-sh-forum-2011","status":"publish","type":"post","link":"https:\/\/akb-ev.de\/blog\/berliner-sh-forum-2011\/","title":{"rendered":"Berliner SH-Forum 2011"},"content":{"rendered":"<p><span style=\"color: #900000; font-family: Verdana, Tahoma, Arial; font-weight: bold; font-size: 8pt;\">1. November 2011 in der Zeit von  15 &#8211; 18 Uhr<br \/>\nin den R\u00e4umen der AOK Nordost Wilhelmstr. 1, 10969 Berlin<br \/>\n<\/span>  <!--more--><\/p>\n<p> <span style=\"color: #000000; font-family: Verdana, Tahoma, Arial; font-weight: light; font-size: 8pt;\">Das Berliner Selbsthilfe-Forum als Plenum der Berliner Selbsthilfegruppen und Organisationen wird gemeinsam von SEKIS und Landesvereinigung Selbsthilfe organisiert.<\/span><\/p>\n<p> <span style=\"color: #000000; font-family: Verdana, Tahoma, Arial; font-weight: light; font-size: 8pt;\">Themen der Sitzung im November 2011 sind:<\/span><\/p>\n<ol>\n<li><span style=\"color: #000000; font-family: Verdana, Tahoma, Arial; font-weight: light; font-size: 8pt;\"> Informationen aus den Gruppen<br \/>\nAktuelles aus der Arbeit der Selbsthilfegruppen<\/span>\n<\/li>\n<li> <span style=\"color: #000000; font-family: Verdana, Tahoma, Arial; font-weight: light; font-size: 8pt;\">Wahl der Sprecherinnen und der Sprecher<\/span><\/li>\n<li> <span style=\"color: #000000; font-family: Verdana, Tahoma, Arial; font-weight: light; font-size: 8pt;\">Selbsthilfef\u00f6rderung durch die Krankenkassen nach \u00a7 20c SGB V <br \/>\nNeue und alte F\u00f6rderbedingungen &#8211; Antr\u00e4ge-Nachweise-Transparenz &#8211; Karin St\u00f6tzner<br \/>\nArbeitsteilung zwischen den Kassen \u2013 neue Ansprechpartner bei  den Kassen &#8211; Gast: Detlef Fronh\u00f6fer AOK Nordost <\/span>\n<\/li>\n<li> <span style=\"color: #000000; font-family: Verdana, Tahoma, Arial; font-weight: light; font-size: 8pt;\">Gemeinsame Empfehlungen zur F\u00f6rderung der Selbsthilfe<br \/>\ngem\u00e4\u00df \u00a7 13 Abs. 2 Nr. 6 SGB IX (Reha)<br \/>\nGast: Ursula Helms, Leiterin NAKOS, DAG SHG<\/span>\n<\/li>\n<li> <span style=\"color: #000000; font-family: Verdana, Tahoma, Arial; font-weight: light; font-size: 8pt;\">Selbsthilfe und Patienteninteressen<br \/>\n&#8211; Gremien der Patientenbeteiligung in Berlin<br \/>\nHartwig Eisel (LV Selbsthilfe) und Karin St\u00f6tzner (SEKIS)<br \/>\n&#8211; Wandel in der Patientenversorgung<br \/>\nPatientenbetreuung durch die Industrie, Integrative Versorgung<br \/>\nGast:  Rolf Blaga, Psoriasis-Forum Berlin<br \/>\n&#8211; Erfahrungen der Selbsthilfe mit den neuen Arzneimittel-Richtgro\u0308\u00dfen<br \/>\nGast:  Rolf Blaga, Psoriasis-Forum Berlin<\/span>\n<\/li>\n<li> <span style=\"color: #000000; font-family: Verdana, Tahoma, Arial; font-weight: light; font-size: 8pt;\">Berliner Selbsthilfe-Kongress 2012 &#8211; Planung und Themenvorschl\u00e4ge<\/span>\n<\/li>\n<li><span style=\"color: #000000; font-family: Verdana, Tahoma, Arial; font-weight: light; font-size: 8pt;\">Fortbildung f\u00fcr die Selbsthilfe<\/span>\n<\/li>\n<li> <span style=\"color: #000000; font-family: Verdana, Tahoma, Arial; font-weight: light; font-size: 8pt;\">Selbsthilfe und Pflege<br \/>\nInformationen zu den Angeboten der Kontaktstellen PflegeEngagement<br \/>\nSilke Migala (Kompetenzzentrum Pflegeunterst\u00fctzung)<\/span>\n<\/li>\n<li> <span style=\"color: #000000; font-family: Verdana, Tahoma, Arial; font-weight: light; font-size: 8pt;\">Verschiedenes<\/span><\/li>\n<\/ol>\n<p><span style=\"color: #000000; font-family: Verdana, Tahoma, Arial; font-weight: light; font-size: 8pt;\">Im Anschluss laden wir die Berliner Selbsthilfe zu einem Imbiss und zum informellen Austausch ein.  <\/span> <\/p>\n<p> <span style=\"color: #000000; font-family: Verdana, Tahoma, Arial; font-weight: light; font-size: 7pt;\">F\u00fcr eine gute Planung bittet das Berliner-Selbsthilfe-Forum um Anmeldung unter:<br \/>\nSEKIS: \t\tTel 890 285 33 oder  sekis@sekis-berlin.de<br \/>\nKontakt:\tSEKIS Bismarckstr. 101, 10625 Berlin  stoetzner@sekis-berlin.de<br \/>\nSekis: <a href=\"http:\/\/www.sekis.de\/Berliner-Selbsthilfe-Forum.selbsthilfeforum0.0.html\" target=\"_blank\">Berliner-Selbsthilfe-Forum<\/a><br \/>\n<\/span><\/p>\n","protected":false},"excerpt":{"rendered":"<p>1. November 2011 in der Zeit von 15 &#8211; 18 Uhr in den R\u00e4umen der AOK Nordost Wilhelmstr. 1, 10969 Berlin<\/p>\n","protected":false},"author":1,"featured_media":0,"comment_status":"closed","ping_status":"closed","sticky":false,"template":"","format":"standard","meta":{"footnotes":""},"categories":[1],"tags":[],"class_list":["post-322","post","type-post","status-publish","format-standard","hentry","category-uncategorized"],"_links":{"self":[{"href":"https:\/\/akb-ev.de\/blog\/wp-json\/wp\/v2\/posts\/322","targetHints":{"allow":["GET"]}}],"collection":[{"href":"https:\/\/akb-ev.de\/blog\/wp-json\/wp\/v2\/posts"}],"about":[{"href":"https:\/\/akb-ev.de\/blog\/wp-json\/wp\/v2\/types\/post"}],"author":[{"embeddable":true,"href":"https:\/\/akb-ev.de\/blog\/wp-json\/wp\/v2\/users\/1"}],"replies":[{"embeddable":true,"href":"https:\/\/akb-ev.de\/blog\/wp-json\/wp\/v2\/comments?post=322"}],"version-history":[{"count":23,"href":"https:\/\/akb-ev.de\/blog\/wp-json\/wp\/v2\/posts\/322\/revisions"}],"predecessor-version":[{"id":854,"href":"https:\/\/akb-ev.de\/blog\/wp-json\/wp\/v2\/posts\/322\/revisions\/854"}],"wp:attachment":[{"href":"https:\/\/akb-ev.de\/blog\/wp-json\/wp\/v2\/media?parent=322"}],"wp:term":[{"taxonomy":"category","embeddable":true,"href":"https:\/\/akb-ev.de\/blog\/wp-json\/wp\/v2\/categories?post=322"},{"taxonomy":"post_tag","embeddable":true,"href":"https:\/\/akb-ev.de\/blog\/wp-json\/wp\/v2\/tags?post=322"}],"curies":[{"name":"wp","href":"https:\/\/api.w.org\/{rel}","templated":true}]}}