{"id":1833,"date":"2022-02-12T16:58:44","date_gmt":"2022-02-12T15:58:44","guid":{"rendered":"https:\/\/akb-ev.de\/blog\/?p=1833"},"modified":"2022-04-09T10:34:17","modified_gmt":"2022-04-09T09:34:17","slug":"geschaeftsbericht-des-vorstands-fuer-das-jahr-2021","status":"publish","type":"post","link":"https:\/\/akb-ev.de\/blog\/geschaeftsbericht-des-vorstands-fuer-das-jahr-2021\/","title":{"rendered":"Gesch\u00e4ftsbericht des Vorstands f\u00fcr das Jahr 2021"},"content":{"rendered":"<p><a href=\"https:\/\/akb-ev.de\/print\/AKB_JahresGeschBericht.pdf\">Druckversion<\/a> &#8211; Gesch\u00e4ftsbericht des Vorstands f\u00fcr das Jahr 2021<br \/>\n<!--more--><br \/>\n<em>Die Anonyme Alkoholkrankenhilfe Berlin (AKB) e.V. hat sich seit 1975 den Zweck gegeben, Suchtkranken und ihren Angeh\u00f6rigen bei der L\u00f6sung ihres Suchtproblems zu helfen.<\/em><\/p>\n<h3>Beratungsangebote<\/h3>\n<p>In unserer Kontakt- und Beratungsstelle in Berlin-Dahlem, Gustav-Meyer-Str. 7, k\u00f6nnen sich Hilfe\u00adsuchende, ganz gleich ob Abh\u00e4ngige oder Angeh\u00f6rige, t\u00e4glich &#8211; auch samstags, sonntags und an Feiertagen &#8211; in der Zeit von 9 bis 21 Uhr ausf\u00fchrlich informieren und beraten lassen.<br \/>\nWir legen Wert darauf, dass unser Beratungsangebot mit 12 Stunden t\u00e4glich erheblich \u00fcber die \u00d6ffnungs\u00adzeiten anderer Einrichtungen hinausgeht. Wir halten es f\u00fcr unverzichtbar, Betroffenen<br \/>\nauf dem Weg aus der Sucht auch an Wochenenden und an Feiertagen ein Angebot zu machen.<br \/>\nUnser Haus bietet Abh\u00e4ngigen, die zu Beginn ihrer Trockenheit h\u00e4ufig Schwierigkeiten haben, mit freier Zeit sinnvoll umzugehen, eine wertvolle Anlaufstelle. Ebenso nutzen viele Betroffene,<br \/>\ndie schon l\u00e4nger abstinent leben, dieses Angebot, um das Gespr\u00e4ch zu suchen und ihre Erfahrung mit neuen Hilfe\u00adsuchenden zu teilen.<\/p>\n<h3>Mitglieder<\/h3>\n<p>Im Berichtsjahr 2021 z\u00e4hlten wir 275 Vereinsmitglieder. Der im Vergleich zu den Vorjahren feststellbare Verlust von Mitgliedern ist das Ergebnis der Einf\u00fchrung eines Mitglieds\u00adbeitrages, die erfolgen musste, damit der Verein die existenzsichernde F\u00f6rderung durch die GKV nicht verliert, da die GKV ab dem Jahr 2021 einen Mitglieds\u00adbeitrag als F\u00f6rderungsvoraussetzung festlegte. Es ist zu bef\u00fcrchten, dass dieser Trend anhalten wird. In diesem Zusammenhang muss aber auch deutlich darauf hingewiesen werden, dass eine Nutzung der Angebote unseres Vereins nicht von einer Mitglied\u00adschaft abh\u00e4ngig ist.<\/p>\n<h3>Selbsthilfegruppen<\/h3>\n<p>Im Berichtsjahr geh\u00f6rten 21 Gespr\u00e4chs\u00adgruppen, in sechs Berliner Bezirken zum Verein \u201eAnonyme Alkoholkrankenhilfe Berlin (AKB) e.V.\u201c. Leider mussten pandemiebedingt einige Gruppen mit ihrem Angebot pausieren, doch konnten unter Beachtung aller einschl\u00e4gigen Hygiene\u00adregeln insgesamt 18 Gruppen regelm\u00e4\u00dfig stattfinden.<\/p>\n<h3>Tages\u00adtherapie<\/h3>\n<p>In unseren R\u00e4umen bieten wir ein tagesstrukturierendes Programm in Selbsthilfe an, die ambulante sechsw\u00f6chige Tages\u00adtherapie. Zielsetzung der Tages\u00adtherapie ist eine Stabilisierung der Abstinenz in der Regel nach einem qualifizierten Entzug bei gleichzeitiger t\u00e4glicher Nutzung von abendlichen Selbsthilfegruppen. Dieses Programm in einer Kleingruppe von Menschen in<br \/>\n\u00e4hnlicher Lebenssituation hilft den Teilnehmern, ihre Isolation zu \u00fcberwinden und, aus ihrem bestehenden Umfeld heraus, ihr Leben selbst\u00adbestimmt sucht\u00admittel\u00adfrei zu gestalten. Nach Abschluss der Therapie bieten wir auch eine nahtlose informelle Nachsorge an, die sich, ohne zeitliche Begrenzung oder Bindung an die Dauer der Abstinenz, am individuellen Bedarf des Klienten orientiert.<br \/>\nDie ambulante sechsw\u00f6chige Tages\u00adtherapie haben im Berichts\u00adjahr 35 (2020: 18) ersonen begonnen. Davon haben 13 die Therapie vorzeitig beendet oder mussten wegen eines R\u00fcckfalls entlassen werden. Nach einem R\u00fcckfall kann die Tages\u00adtherapie nach Ablauf von sechs Monaten oder nach einem Motivations\u00adgespr\u00e4ch mit positiver Prognose nochmals<br \/>\nbegonnen werden.<br \/>\nDie Zahl der Therapieteilnehmer ist pandemiebedingt geringer als in den Vorjahren. Aufgrund der Gr\u00f6\u00dfe der R\u00e4umlichkeiten, in denen die Tages\u00adtherapie stattfindet, musste hier erstmals seit Beginn dieses Angebotes vor mehr als 40 Jahren eine Begrenzung der Teilnehmerzahl eingef\u00fchrt und beachtet werden. Trotzdem d\u00fcrfen wir uns freuen, dass dieses in Berlin einmalige Angebot trotz aller widrigen Umst\u00e4nde nicht einen Tag im Jahr 2021 ausfallen musste.<br \/>\nViele, die die Therapie beendet haben, besuchen weiter regelm\u00e4\u00dfig unsere Gespr\u00e4chs\u00adgruppen und die Mehrheit unserer ehrenamtlichen Helfer ist, wie seit vielen Jahren, nach wie vor aus<br \/>\nder sechsw\u00f6chigen Tages\u00adtherapie hervorgegangen.<br \/>\nWir bieten den Teilnehmern der sechsw\u00f6chigen Tages\u00adtherapie weiterhin w\u00f6chentlich 5 Intensivgruppen an, die suchtspezifische Themen bearbeiten und so den Abstinenz\u00adanf\u00e4ngern Anhalts\u00adpunkte f\u00fcr die Bew\u00e4ltigung ihrer individuellen Sucht\u00adgeschichte geben und Perspektiven f\u00fcr ein suchtfreies Leben aufzeigen. Dieses Angebot hat sich in den letzten Jahren bew\u00e4hrt und wird von den Therapie\u00adteilnehmern sehr positiv bewertet.<\/p>\n<h3>Informationsarbeit in Krankenh\u00e4usern<\/h3>\n<p>Auch im Jahr 2021 standen wir 11 Berliner Entzugseinrichtungen und Entgiftungsstationen der Kliniken zur Verf\u00fcgung, um \u00fcber die Angebote der Sucht-Selbsthilfe zu informieren.<br \/>\nPandemiebedingt konnte dieses Angebot leider nicht ganzj\u00e4hrig in allen Einrichtungen durchgef\u00fchrt werden. Dies ist sehr zu bedauern, da erfahrungsgem\u00e4\u00df rund 50% der Teilnehmer unserer sechsw\u00f6chigen Tages\u00adtherapie die Entscheidung f\u00fcr diese Therapie aufgrund des Erstkontaktes mit unseren ehren\u00adamtlichen Helfern in der Kranken\u00adhaus\u00adinformations\u00adarbeit treffen.<\/p>\n<h3>Kooperationen &amp; Kontakte<\/h3>\n<p>Einige gro\u00dfe Berliner Firmen empfehlen unsere Angebote ihren betroffenen Mitarbeiten. Die Zusammenarbeit mit betrieblichen Sozialein\u00adrichtungen hat sich bisher gut bew\u00e4hrt.<br \/>\nIn Vernetzungstreffen mit der Caritas K\u00f6nigsberger 11 entwickeln wir die Kooperation zwischen Selbsthilfe und professioneller integrativer Suchtberatung der Caritas laufend weiter.<br \/>\n\u00c4rzte Berliner Entzugskliniken, insbesondere der DRK-Kliniken Berlin Mitte (Drontheimer Stra\u00dfe) und des J\u00fcdischen Krankenhauses, schicken Patienten w\u00e4hrend der qualifizierten Entgiftung zur Beratung in unser Haus. Ziel ist die Motivation zur Teilnahme an Selbsthilfe\u00adgruppen oder der sechsw\u00f6chigen Tages\u00adtherapie.<\/p>\n<h3>Veranstaltungen &amp; \u00d6ffentlichkeits\u00adarbeit<\/h3>\n<p>Auch unser Sommerfest, das sich jedes Jahr bei Vereinsmitgliedern, Angeh\u00f6rigen und Freunden gro\u00dfer Beliebtheit erfreut, musste pandemie\u00adbedingt auch im Jahr 2021 leider ausfallen. Dies ist umso mehr zu bedauern, da es auch gerne von Personen des \u00f6ffentlichen Lebens, Vertretern unserer Kooperations\u00adpartner und von Mitarbeitern aus Therapie\u00adeinrichtungen aus Berlin und Brandenburg besucht wurde. Wir waren im Berichtsjahr an der Vorbereitung und erfolgreichen Durchf\u00fchrung der 16. Sucht-Selbsthilfe-Tagung der Landesstelle Berlin f\u00fcr Suchtfragen e.V. beteiligt.<\/p>\n<h3>Mitgliedschaften &amp; Gremienarbeit<\/h3>\n<p>Wir waren im Berichtsjahr vertreten in den Gremien:<br \/>\n&#8211; der Psychosozialen Arbeitsgemeinschaft (PSAG) des Bezirkes Steglitz Zehlendorf,<br \/>\n&#8211; im Vorstand der Landesstelle Berlin f\u00fcr Suchtfragen e.V.<br \/>\n&#8211; und in der Fachgruppe Suchthilfe des Parit\u00e4tischen Berlin<\/p>\n<h3>Schlussbemerkung und Dank<\/h3>\n<p>Wir danken dem Bezirksamt Steglitz-Zehlendorf und der GKV Gemeinschafts\u00adf\u00f6rderung Selbsthilfe im Land Berlin f\u00fcr ihre Zuwendungen, ohne die eine Fortf\u00fchrung unserer umfangreichen Arbeit nicht m\u00f6glich w\u00e4re.<\/p>\n<p>Der Vorstand dankt allen hauptamtlichen Mitarbeitern und allen ehren\u00adamtlichen Helfern f\u00fcr ihren pers\u00f6nlichen Einsatz im zweiten Jahr der Pandemie. Ohne diese \u00fcberdurch\u00adschnittliche<br \/>\nEinsatz\u00adbereitschaft h\u00e4tten wir unser Versprechen niemals einhalten k\u00f6nnen:<\/p>\n<p><strong><em>Wir stehen jeden Tag von 09:00 bis 21:00 Uhr f\u00fcr unsere Mitb\u00fcrger mit Suchtproblemen als Ansprechpartner zur Verf\u00fcgung!<\/em><\/strong><\/p>\n<p>Berlin, im Januar 2022<\/p>\n<p style=\"text-indent:160px;\"><em>f\u00fcr den Vorstand: Stefan Bernart<\/em><\/p>\n","protected":false},"excerpt":{"rendered":"<p>Druckversion &#8211; Gesch\u00e4ftsbericht des Vorstands f\u00fcr das Jahr 2021<\/p>\n","protected":false},"author":1,"featured_media":0,"comment_status":"closed","ping_status":"closed","sticky":false,"template":"","format":"standard","meta":{"footnotes":""},"categories":[1],"tags":[],"class_list":["post-1833","post","type-post","status-publish","format-standard","hentry","category-uncategorized"],"_links":{"self":[{"href":"https:\/\/akb-ev.de\/blog\/wp-json\/wp\/v2\/posts\/1833","targetHints":{"allow":["GET"]}}],"collection":[{"href":"https:\/\/akb-ev.de\/blog\/wp-json\/wp\/v2\/posts"}],"about":[{"href":"https:\/\/akb-ev.de\/blog\/wp-json\/wp\/v2\/types\/post"}],"author":[{"embeddable":true,"href":"https:\/\/akb-ev.de\/blog\/wp-json\/wp\/v2\/users\/1"}],"replies":[{"embeddable":true,"href":"https:\/\/akb-ev.de\/blog\/wp-json\/wp\/v2\/comments?post=1833"}],"version-history":[{"count":8,"href":"https:\/\/akb-ev.de\/blog\/wp-json\/wp\/v2\/posts\/1833\/revisions"}],"predecessor-version":[{"id":1882,"href":"https:\/\/akb-ev.de\/blog\/wp-json\/wp\/v2\/posts\/1833\/revisions\/1882"}],"wp:attachment":[{"href":"https:\/\/akb-ev.de\/blog\/wp-json\/wp\/v2\/media?parent=1833"}],"wp:term":[{"taxonomy":"category","embeddable":true,"href":"https:\/\/akb-ev.de\/blog\/wp-json\/wp\/v2\/categories?post=1833"},{"taxonomy":"post_tag","embeddable":true,"href":"https:\/\/akb-ev.de\/blog\/wp-json\/wp\/v2\/tags?post=1833"}],"curies":[{"name":"wp","href":"https:\/\/api.w.org\/{rel}","templated":true}]}}